{"id":12018,"date":"2019-01-07T13:52:33","date_gmt":"2019-01-07T18:52:33","guid":{"rendered":"https:\/\/www.iis.unam.mx\/blog\/?p=12018"},"modified":"2019-01-07T13:52:36","modified_gmt":"2019-01-07T18:52:36","slug":"ojala","status":"publish","type":"post","link":"https:\/\/www.iis.unam.mx\/blog\/ojala\/","title":{"rendered":"Ojal\u00e1"},"content":{"rendered":"\n<p class=\"wp-block-paragraph\">Publicado el 30 de diciembre de 2018 en <a href=\"http:\/\/www.eldeber.com.bo\/opinion\/Ojala-20181228-9530.html\">El Deber<\/a><\/p>\n\n\n\n<p class=\"wp-block-paragraph\">El escenario pol\u00edtico boliviano de 2019 va a estar din\u00e1mico,  por decir lo menos. El clima electoral va a empezar a imponerse y  penetrar en todos los rincones. Las discusiones van a ser cada vez m\u00e1s  acaloradas. En el interior de las familias, los amigos, los grupos de  discusi\u00f3n, se ver\u00e1n rabiosas posiciones y vaya a saber cu\u00e1ntas amistades  o amores perecen en el camino.<\/p>\n\n\n\n<p class=\"wp-block-paragraph\">Como sucede siempre en las \ncampa\u00f1as, el argumento dejar\u00e1 de ser el eje central, y su lugar lo \nocupar\u00e1n la propaganda, la calumnia, la descalificaci\u00f3n. El centro de \natenci\u00f3n estar\u00e1 en la banalidad, en el desliz de alg\u00fan candidato, en \nalguna revelaci\u00f3n medi\u00e1ticamente eficaz. Todos buscar\u00e1n hundir al otro \ncon las armas que tengan a la mano, falsedades o mentiras, verdades a \nmedias, poco importa. Siempre he sostenido que las campa\u00f1as pol\u00edticas \nson el momento donde la estupidez toma la palestra, somete a la raz\u00f3n; \nes el tiempo donde los estadistas dejan su plaza a los estrategas.<\/p>\n\n\n\n<p class=\"wp-block-paragraph\">Estas\n elecciones van a ser especialmente extra\u00f1as. De los candidatos, es \nlamentable que Jaime Paz intente desempolvar su historia ya maltrecha, \nsolo acumular\u00e1 derrotas y marginalidad electoral demostrando que no es \n\u201cun pol\u00edtico de raza\u201d, como alguna vez se autodenomin\u00f3. V\u00edctor Hugo \nC\u00e1rdenas, que fue quien abri\u00f3 las puertas de Palacio al mundo ind\u00edgena, \nel \u00fanico vicepresidente que en su toma de posesi\u00f3n habl\u00f3 en tres lenguas\n originarias \u2013dif\u00edcil explicar a Evo Morales sin vincularlo de alguna \nmanera, mal que le pese, al camino ya trazado por C\u00e1rdenas\u2013, rifar\u00e1 su \ncapital simb\u00f3lico mostrando un rostro cristiano, conservador y \nvergonzoso, sin aportar ya nada al escenario pol\u00edtico. F\u00e9lix Patzi y \n\u00d3scar Ortiz representan dos extremos, pertinentes, comprensibles, con \nalguna base, una posici\u00f3n y una apuesta, pero poco interesantes.<\/p>\n\n\n\n<p class=\"wp-block-paragraph\">El\n coraz\u00f3n de la disputa estar\u00e1 entre Evo Morales y Carlos Mesa. El \nprimero utilizar\u00e1 el aparato de Estado para sus fines electorales, \npagar\u00e1 su campa\u00f1a con los impuestos de todos los bolivianos, haciendo lo\n que siempre criticamos desde la izquierda y que es cada vez m\u00e1s \ninadmisible para cualquier r\u00e9gimen pol\u00edtico. En vez de mirar adelante, \nse empe\u00f1ar\u00e1 en mandar al pa\u00eds a la era de Goni, armar\u00e1 una campa\u00f1a \nbasada en la polarizaci\u00f3n de los 90, momento en el que \u00e9l era un \nimportante basti\u00f3n \u2013uno de tantos, no el \u00fanico, no hay que olvidarlo\u2013. \nNegar\u00e1 al pa\u00eds que construy\u00f3, al de clases medias, j\u00f3venes, urbanas, \nconsumistas, desideologizadas, pragm\u00e1ticas. Dar\u00e1 la espalda a la \nverdadera \u2018Generaci\u00f3n Evo\u2019, negar\u00e1 a su criatura. Revivir\u00e1 al fantasma \nde la Bolivia que luchaba contra el neoliberalismo bloqueando en \nChapare, no la que transita por telef\u00e9ricos y carreteras \ninterprovinciales. Ser\u00e1 el padre que se dirige a su hijo adulto como si \ntodav\u00eda fuera ni\u00f1o, cont\u00e1ndole que el \u2018cucu\u2019 vendr\u00e1 a robarle sus \njuguetes. En esa tarea, a Evo no le temblar\u00e1 la mano si tiene que \npolarizar la naci\u00f3n hasta extremos absurdos, preferir\u00e1 lanzarse al \nprecipicio abrazado de sus caprichos y terquedades antes que acariciar \nla sensatez. No le importar\u00e1 \u2018matar\u2019 el verdadero proceso de cambio del \ncual es el padre, si \u00e9l no queda en la direcci\u00f3n. Mostrar\u00e1 que su \nmezquindad es m\u00e1s grande que su visi\u00f3n de pa\u00eds, demostrar\u00e1 que es m\u00e1s un\n padrastro ego\u00edsta que un verdadero padre de la naci\u00f3n (ojal\u00e1 me \nequivoque).<\/p>\n\n\n\n<p class=\"wp-block-paragraph\">Mesa buscar\u00e1 la unidad frente a Evo, ser la \nalternativa m\u00e1s real. Tendr\u00e1 primero que elaborar un discurso que el \npa\u00eds escuche, m\u00e1s all\u00e1 de los temas f\u00e1ciles como la corrupci\u00f3n, los \ngastos, los abusos o los errores. Tendr\u00e1 que canalizar el desencanto \namorfo de sectores tan distintos en una sola direcci\u00f3n, lo que no es \nf\u00e1cil sin contar con aparato ni pilares ideol\u00f3gicos contundentes. Se \nver\u00e1 obligado a recibir cualquier apoyo, a sumar con la ilusi\u00f3n de \ndespu\u00e9s dividir, sin contemplar el costo de la factura.<\/p>\n\n\n\n<p class=\"wp-block-paragraph\">El gran \nlogro de Evo es la creaci\u00f3n de un pa\u00eds con bases s\u00f3lidas, las reglas del\n juego ya est\u00e1n dadas, y \u00e9l fue el principal arquitecto, para bien y \npara mal. Las bases del dise\u00f1o de pa\u00eds, la transformaci\u00f3n de la sociedad\n ya se logr\u00f3 de m\u00faltiples maneras y es un proceso dif\u00edcilmente \nreversible. Por eso, lo curioso es que la plataforma de Morales y Mesa \nes, en el fondo, muy similar. Si la baraja hubiera salido diferente, no \nhabr\u00eda sido extra\u00f1o encontrarlos en una misma f\u00f3rmula. Aunque sea \npol\u00edticamente incorrecto, creo que son m\u00e1s los aspectos que los unen que\n los que los separan. En estas elecciones no est\u00e1 en juego un modelo \n\u2018societal\u2019, est\u00e1 en juego el capricho personal y el nombre del piloto. \nEl plan del vuelo ya est\u00e1 relativamente trazado.<\/p>\n\n\n\n<p class=\"wp-block-paragraph\">Termino. Ojal\u00e1 \nque las elecciones no nos dejen tan magullados. Ojal\u00e1 que el pa\u00eds \nsobreviva a los embates ciegos y furibundos que nos esperan. Ojal\u00e1 que \nlas furias no nos lleven a todos al abismo.<\/p>\n","protected":false},"excerpt":{"rendered":"<p>Publicado el 30 de diciembre de 2018 en El Deber El escenario pol\u00edtico boliviano de 2019 va a estar din\u00e1mico, por decir lo menos. El clima electoral va a empezar a imponerse y penetrar en todos los rincones. Las discusiones van a ser cada vez m\u00e1s acaloradas. En el interior de las familias, los amigos, [&hellip;]<\/p>\n","protected":false},"author":6,"featured_media":12019,"comment_status":"open","ping_status":"open","sticky":false,"template":"","format":"standard","meta":{"_acf_changed":false,"ocean_front_end_style_editor":"no","ocean_post_layout":"","ocean_both_sidebars_style":"","ocean_both_sidebars_content_width":0,"ocean_both_sidebars_sidebars_width":0,"ocean_sidebar":"","ocean_second_sidebar":"","ocean_disable_margins":"enable","ocean_add_body_class":"","ocean_shortcode_before_top_bar":"","ocean_shortcode_after_top_bar":"","ocean_shortcode_before_header":"","ocean_shortcode_after_header":"","ocean_has_shortcode":"","ocean_shortcode_after_title":"","ocean_shortcode_before_footer_widgets":"","ocean_shortcode_after_footer_widgets":"","ocean_shortcode_before_footer_bottom":"","ocean_shortcode_after_footer_bottom":"","ocean_display_top_bar":"default","ocean_display_header":"default","ocean_header_style":"","ocean_center_header_left_menu":"","ocean_custom_header_template":"","ocean_custom_logo":0,"ocean_custom_retina_logo":0,"ocean_custom_logo_max_width":0,"ocean_custom_logo_tablet_max_width":0,"ocean_custom_logo_mobile_max_width":0,"ocean_custom_logo_max_height":0,"ocean_custom_logo_tablet_max_height":0,"ocean_custom_logo_mobile_max_height":0,"ocean_header_custom_menu":"","ocean_menu_typo_font_family":"","ocean_menu_typo_font_subset":"","ocean_menu_typo_font_size":0,"ocean_menu_typo_font_size_tablet":0,"ocean_menu_typo_font_size_mobile":0,"ocean_menu_typo_font_size_unit":"px","ocean_menu_typo_font_weight":"","ocean_menu_typo_font_weight_tablet":"","ocean_menu_typo_font_weight_mobile":"","ocean_menu_typo_transform":"","ocean_menu_typo_transform_tablet":"","ocean_menu_typo_transform_mobile":"","ocean_menu_typo_line_height":0,"ocean_menu_typo_line_height_tablet":0,"ocean_menu_typo_line_height_mobile":0,"ocean_menu_typo_line_height_unit":"","ocean_menu_typo_spacing":0,"ocean_menu_typo_spacing_tablet":0,"ocean_menu_typo_spacing_mobile":0,"ocean_menu_typo_spacing_unit":"","ocean_menu_link_color":"","ocean_menu_link_color_hover":"","ocean_menu_link_color_active":"","ocean_menu_link_background":"","ocean_menu_link_hover_background":"","ocean_menu_link_active_background":"","ocean_menu_social_links_bg":"","ocean_menu_social_hover_links_bg":"","ocean_menu_social_links_color":"","ocean_menu_social_hover_links_color":"","ocean_disable_title":"default","ocean_disable_heading":"default","ocean_post_title":"","ocean_post_subheading":"","ocean_post_title_style":"","ocean_post_title_background_color":"","ocean_post_title_background":0,"ocean_post_title_bg_image_position":"","ocean_post_title_bg_image_attachment":"","ocean_post_title_bg_image_repeat":"","ocean_post_title_bg_image_size":"","ocean_post_title_height":0,"ocean_post_title_bg_overlay":0.5,"ocean_post_title_bg_overlay_color":"","ocean_disable_breadcrumbs":"default","ocean_breadcrumbs_color":"","ocean_breadcrumbs_separator_color":"","ocean_breadcrumbs_links_color":"","ocean_breadcrumbs_links_hover_color":"","ocean_display_footer_widgets":"default","ocean_display_footer_bottom":"default","ocean_custom_footer_template":"","ocean_post_oembed":"","ocean_post_self_hosted_media":"","ocean_post_video_embed":"","ocean_link_format":"","ocean_link_format_target":"self","ocean_quote_format":"","ocean_quote_format_link":"post","ocean_gallery_link_images":"on","ocean_gallery_id":[],"footnotes":"","_links_to":"","_links_to_target":""},"categories":[368],"tags":[49,60,354],"class_list":["post-12018","post","type-post","status-publish","format-standard","has-post-thumbnail","hentry","category-reflexiones","tag-hugo-jose-suarez","tag-actores-y-procesos-sociales","tag-partidos-politicos-y-procesos-electorales","entry","has-media"],"acf":[],"yoast_head":"<!-- This site is optimized with the Yoast SEO plugin v28.3 - https:\/\/yoast.com\/product\/yoast-seo-wordpress\/ -->\n<title>Ojal\u00e1 - Resonancias<\/title>\n<meta name=\"robots\" content=\"index, follow, max-snippet:-1, max-image-preview:large, max-video-preview:-1\" \/>\n<link rel=\"canonical\" href=\"https:\/\/www.iis.unam.mx\/blog\/ojala\/\" \/>\n<meta property=\"og:locale\" content=\"es_MX\" \/>\n<meta property=\"og:type\" content=\"article\" \/>\n<meta property=\"og:title\" content=\"Ojal\u00e1 - Resonancias\" \/>\n<meta property=\"og:description\" content=\"Publicado el 30 de diciembre de 2018 en El Deber El escenario pol\u00edtico boliviano de 2019 va a estar din\u00e1mico, por decir lo menos. El clima electoral va a empezar a imponerse y penetrar en todos los rincones. Las discusiones van a ser cada vez m\u00e1s acaloradas. En el interior de las familias, los amigos, [&hellip;]\" \/>\n<meta property=\"og:url\" content=\"https:\/\/www.iis.unam.mx\/blog\/ojala\/\" \/>\n<meta property=\"og:site_name\" content=\"Resonancias\" \/>\n<meta property=\"article:publisher\" content=\"https:\/\/www.facebook.com\/IISUNAM\" \/>\n<meta property=\"article:published_time\" content=\"2019-01-07T18:52:33+00:00\" \/>\n<meta property=\"article:modified_time\" content=\"2019-01-07T18:52:36+00:00\" \/>\n<meta property=\"og:image\" content=\"https:\/\/www.iis.unam.mx\/blog\/wp-content\/uploads\/2019\/01\/7190125317_98e13f0f13_k.jpg\" \/>\n\t<meta property=\"og:image:width\" content=\"2048\" \/>\n\t<meta property=\"og:image:height\" content=\"1371\" \/>\n\t<meta property=\"og:image:type\" content=\"image\/jpeg\" \/>\n<meta name=\"author\" content=\"Hugo Jos\u00e9 Su\u00e1rez\" \/>\n<meta name=\"twitter:card\" content=\"summary_large_image\" \/>\n<meta name=\"twitter:creator\" content=\"@IISUNAM\" \/>\n<meta name=\"twitter:site\" content=\"@IISUNAM\" \/>\n<meta name=\"twitter:label1\" content=\"Escrito por\" \/>\n\t<meta name=\"twitter:data1\" content=\"Hugo Jos\u00e9 Su\u00e1rez\" \/>\n\t<meta name=\"twitter:label2\" content=\"Tiempo de lectura\" \/>\n\t<meta name=\"twitter:data2\" content=\"4 minutos\" \/>\n<script type=\"application\/ld+json\" class=\"yoast-schema-graph\">{\"@context\":\"https:\\\/\\\/schema.org\",\"@graph\":[{\"@type\":[\"Article\",\"BlogPosting\"],\"@id\":\"https:\\\/\\\/www.iis.unam.mx\\\/blog\\\/ojala\\\/#article\",\"isPartOf\":{\"@id\":\"https:\\\/\\\/www.iis.unam.mx\\\/blog\\\/ojala\\\/\"},\"author\":{\"name\":\"Hugo Jos\u00e9 Su\u00e1rez\",\"@id\":\"https:\\\/\\\/www.iis.unam.mx\\\/blog\\\/#\\\/schema\\\/person\\\/3cd65e7ddc57962d4ba6c8872231a368\"},\"headline\":\"Ojal\u00e1\",\"datePublished\":\"2019-01-07T18:52:33+00:00\",\"dateModified\":\"2019-01-07T18:52:36+00:00\",\"mainEntityOfPage\":{\"@id\":\"https:\\\/\\\/www.iis.unam.mx\\\/blog\\\/ojala\\\/\"},\"wordCount\":887,\"commentCount\":0,\"publisher\":{\"@id\":\"https:\\\/\\\/www.iis.unam.mx\\\/blog\\\/#organization\"},\"image\":{\"@id\":\"https:\\\/\\\/www.iis.unam.mx\\\/blog\\\/ojala\\\/#primaryimage\"},\"thumbnailUrl\":\"https:\\\/\\\/www.iis.unam.mx\\\/blog\\\/wp-content\\\/uploads\\\/2019\\\/01\\\/7190125317_98e13f0f13_k.jpg\",\"keywords\":[\"Hugo Jos\u00e9 Su\u00e1rez\",\"Actores y procesos sociales\",\"Partidos pol\u00edticos y procesos electorales\"],\"articleSection\":[\"Reflexiones acad\u00e9micas\"],\"inLanguage\":\"es\",\"potentialAction\":[{\"@type\":\"CommentAction\",\"name\":\"Comment\",\"target\":[\"https:\\\/\\\/www.iis.unam.mx\\\/blog\\\/ojala\\\/#respond\"]}]},{\"@type\":[\"WebPage\",\"MedicalWebPage\"],\"@id\":\"https:\\\/\\\/www.iis.unam.mx\\\/blog\\\/ojala\\\/\",\"url\":\"https:\\\/\\\/www.iis.unam.mx\\\/blog\\\/ojala\\\/\",\"name\":\"Ojal\u00e1 - Resonancias\",\"isPartOf\":{\"@id\":\"https:\\\/\\\/www.iis.unam.mx\\\/blog\\\/#website\"},\"primaryImageOfPage\":{\"@id\":\"https:\\\/\\\/www.iis.unam.mx\\\/blog\\\/ojala\\\/#primaryimage\"},\"image\":{\"@id\":\"https:\\\/\\\/www.iis.unam.mx\\\/blog\\\/ojala\\\/#primaryimage\"},\"thumbnailUrl\":\"https:\\\/\\\/www.iis.unam.mx\\\/blog\\\/wp-content\\\/uploads\\\/2019\\\/01\\\/7190125317_98e13f0f13_k.jpg\",\"datePublished\":\"2019-01-07T18:52:33+00:00\",\"dateModified\":\"2019-01-07T18:52:36+00:00\",\"breadcrumb\":{\"@id\":\"https:\\\/\\\/www.iis.unam.mx\\\/blog\\\/ojala\\\/#breadcrumb\"},\"inLanguage\":\"es\",\"potentialAction\":[{\"@type\":\"ReadAction\",\"target\":[\"https:\\\/\\\/www.iis.unam.mx\\\/blog\\\/ojala\\\/\"]}]},{\"@type\":\"ImageObject\",\"inLanguage\":\"es\",\"@id\":\"https:\\\/\\\/www.iis.unam.mx\\\/blog\\\/ojala\\\/#primaryimage\",\"url\":\"https:\\\/\\\/www.iis.unam.mx\\\/blog\\\/wp-content\\\/uploads\\\/2019\\\/01\\\/7190125317_98e13f0f13_k.jpg\",\"contentUrl\":\"https:\\\/\\\/www.iis.unam.mx\\\/blog\\\/wp-content\\\/uploads\\\/2019\\\/01\\\/7190125317_98e13f0f13_k.jpg\",\"width\":2048,\"height\":1371},{\"@type\":\"BreadcrumbList\",\"@id\":\"https:\\\/\\\/www.iis.unam.mx\\\/blog\\\/ojala\\\/#breadcrumb\",\"itemListElement\":[{\"@type\":\"ListItem\",\"position\":1,\"name\":\"Inicio\",\"item\":\"https:\\\/\\\/www.iis.unam.mx\\\/blog\\\/\"},{\"@type\":\"ListItem\",\"position\":2,\"name\":\"Ojal\u00e1\"}]},{\"@type\":\"WebSite\",\"@id\":\"https:\\\/\\\/www.iis.unam.mx\\\/blog\\\/#website\",\"url\":\"https:\\\/\\\/www.iis.unam.mx\\\/blog\\\/\",\"name\":\"Resonancias\",\"description\":\"Blog del Instituto de Investigaciones Sociales de la UNAM\",\"publisher\":{\"@id\":\"https:\\\/\\\/www.iis.unam.mx\\\/blog\\\/#organization\"},\"potentialAction\":[{\"@type\":\"SearchAction\",\"target\":{\"@type\":\"EntryPoint\",\"urlTemplate\":\"https:\\\/\\\/www.iis.unam.mx\\\/blog\\\/?s={search_term_string}\"},\"query-input\":{\"@type\":\"PropertyValueSpecification\",\"valueRequired\":true,\"valueName\":\"search_term_string\"}}],\"inLanguage\":\"es\"},{\"@type\":\"Organization\",\"@id\":\"https:\\\/\\\/www.iis.unam.mx\\\/blog\\\/#organization\",\"name\":\"Instituto de Investigaciones Sociales de la UNAM\",\"alternateName\":\"IIS-UNAM\",\"url\":\"https:\\\/\\\/www.iis.unam.mx\\\/blog\\\/\",\"logo\":{\"@type\":\"ImageObject\",\"inLanguage\":\"es\",\"@id\":\"https:\\\/\\\/www.iis.unam.mx\\\/blog\\\/#\\\/schema\\\/logo\\\/image\\\/\",\"url\":\"https:\\\/\\\/www.iis.unam.mx\\\/blog\\\/wp-content\\\/uploads\\\/2026\\\/01\\\/cropped-logo-unam-gris-26.png\",\"contentUrl\":\"https:\\\/\\\/www.iis.unam.mx\\\/blog\\\/wp-content\\\/uploads\\\/2026\\\/01\\\/cropped-logo-unam-gris-26.png\",\"width\":1301,\"height\":356,\"caption\":\"Instituto de Investigaciones Sociales de la UNAM\"},\"image\":{\"@id\":\"https:\\\/\\\/www.iis.unam.mx\\\/blog\\\/#\\\/schema\\\/logo\\\/image\\\/\"},\"sameAs\":[\"https:\\\/\\\/www.facebook.com\\\/IISUNAM\",\"https:\\\/\\\/x.com\\\/IISUNAM\",\"https:\\\/\\\/www.instagram.com\\\/iisunam\\\/\",\"https:\\\/\\\/www.youtube.com\\\/user\\\/canaliisunam\"]},{\"@type\":\"Person\",\"@id\":\"https:\\\/\\\/www.iis.unam.mx\\\/blog\\\/#\\\/schema\\\/person\\\/3cd65e7ddc57962d4ba6c8872231a368\",\"name\":\"Hugo Jos\u00e9 Su\u00e1rez\",\"image\":{\"@type\":\"ImageObject\",\"inLanguage\":\"es\",\"@id\":\"https:\\\/\\\/www.iis.unam.mx\\\/blog\\\/wp-content\\\/uploads\\\/2025\\\/04\\\/suarez-22.jpg\",\"url\":\"https:\\\/\\\/www.iis.unam.mx\\\/blog\\\/wp-content\\\/uploads\\\/2025\\\/04\\\/suarez-22.jpg\",\"contentUrl\":\"https:\\\/\\\/www.iis.unam.mx\\\/blog\\\/wp-content\\\/uploads\\\/2025\\\/04\\\/suarez-22.jpg\",\"caption\":\"Hugo Jos\u00e9 Su\u00e1rez\"},\"description\":\"Investigador del Instituto de Investigaciones Sociales de la UNAM\",\"sameAs\":[\"https:\\\/\\\/hugojsuarez.blogspot.mx\\\/\"],\"url\":\"https:\\\/\\\/www.iis.unam.mx\\\/blog\\\/author\\\/hugo\\\/\"}]}<\/script>\n<!-- \/ Yoast SEO plugin. -->","yoast_head_json":{"title":"Ojal\u00e1 - Resonancias","robots":{"index":"index","follow":"follow","max-snippet":"max-snippet:-1","max-image-preview":"max-image-preview:large","max-video-preview":"max-video-preview:-1"},"canonical":"https:\/\/www.iis.unam.mx\/blog\/ojala\/","og_locale":"es_MX","og_type":"article","og_title":"Ojal\u00e1 - Resonancias","og_description":"Publicado el 30 de diciembre de 2018 en El Deber El escenario pol\u00edtico boliviano de 2019 va a estar din\u00e1mico, por decir lo menos. El clima electoral va a empezar a imponerse y penetrar en todos los rincones. Las discusiones van a ser cada vez m\u00e1s acaloradas. En el interior de las familias, los amigos, [&hellip;]","og_url":"https:\/\/www.iis.unam.mx\/blog\/ojala\/","og_site_name":"Resonancias","article_publisher":"https:\/\/www.facebook.com\/IISUNAM","article_published_time":"2019-01-07T18:52:33+00:00","article_modified_time":"2019-01-07T18:52:36+00:00","og_image":[{"width":2048,"height":1371,"url":"https:\/\/www.iis.unam.mx\/blog\/wp-content\/uploads\/2019\/01\/7190125317_98e13f0f13_k.jpg","type":"image\/jpeg"}],"author":"Hugo Jos\u00e9 Su\u00e1rez","twitter_card":"summary_large_image","twitter_creator":"@IISUNAM","twitter_site":"@IISUNAM","twitter_misc":{"Escrito por":"Hugo Jos\u00e9 Su\u00e1rez","Tiempo de lectura":"4 minutos"},"schema":{"@context":"https:\/\/schema.org","@graph":[{"@type":["Article","BlogPosting"],"@id":"https:\/\/www.iis.unam.mx\/blog\/ojala\/#article","isPartOf":{"@id":"https:\/\/www.iis.unam.mx\/blog\/ojala\/"},"author":{"name":"Hugo Jos\u00e9 Su\u00e1rez","@id":"https:\/\/www.iis.unam.mx\/blog\/#\/schema\/person\/3cd65e7ddc57962d4ba6c8872231a368"},"headline":"Ojal\u00e1","datePublished":"2019-01-07T18:52:33+00:00","dateModified":"2019-01-07T18:52:36+00:00","mainEntityOfPage":{"@id":"https:\/\/www.iis.unam.mx\/blog\/ojala\/"},"wordCount":887,"commentCount":0,"publisher":{"@id":"https:\/\/www.iis.unam.mx\/blog\/#organization"},"image":{"@id":"https:\/\/www.iis.unam.mx\/blog\/ojala\/#primaryimage"},"thumbnailUrl":"https:\/\/www.iis.unam.mx\/blog\/wp-content\/uploads\/2019\/01\/7190125317_98e13f0f13_k.jpg","keywords":["Hugo Jos\u00e9 Su\u00e1rez","Actores y procesos sociales","Partidos pol\u00edticos y procesos electorales"],"articleSection":["Reflexiones acad\u00e9micas"],"inLanguage":"es","potentialAction":[{"@type":"CommentAction","name":"Comment","target":["https:\/\/www.iis.unam.mx\/blog\/ojala\/#respond"]}]},{"@type":["WebPage","MedicalWebPage"],"@id":"https:\/\/www.iis.unam.mx\/blog\/ojala\/","url":"https:\/\/www.iis.unam.mx\/blog\/ojala\/","name":"Ojal\u00e1 - Resonancias","isPartOf":{"@id":"https:\/\/www.iis.unam.mx\/blog\/#website"},"primaryImageOfPage":{"@id":"https:\/\/www.iis.unam.mx\/blog\/ojala\/#primaryimage"},"image":{"@id":"https:\/\/www.iis.unam.mx\/blog\/ojala\/#primaryimage"},"thumbnailUrl":"https:\/\/www.iis.unam.mx\/blog\/wp-content\/uploads\/2019\/01\/7190125317_98e13f0f13_k.jpg","datePublished":"2019-01-07T18:52:33+00:00","dateModified":"2019-01-07T18:52:36+00:00","breadcrumb":{"@id":"https:\/\/www.iis.unam.mx\/blog\/ojala\/#breadcrumb"},"inLanguage":"es","potentialAction":[{"@type":"ReadAction","target":["https:\/\/www.iis.unam.mx\/blog\/ojala\/"]}]},{"@type":"ImageObject","inLanguage":"es","@id":"https:\/\/www.iis.unam.mx\/blog\/ojala\/#primaryimage","url":"https:\/\/www.iis.unam.mx\/blog\/wp-content\/uploads\/2019\/01\/7190125317_98e13f0f13_k.jpg","contentUrl":"https:\/\/www.iis.unam.mx\/blog\/wp-content\/uploads\/2019\/01\/7190125317_98e13f0f13_k.jpg","width":2048,"height":1371},{"@type":"BreadcrumbList","@id":"https:\/\/www.iis.unam.mx\/blog\/ojala\/#breadcrumb","itemListElement":[{"@type":"ListItem","position":1,"name":"Inicio","item":"https:\/\/www.iis.unam.mx\/blog\/"},{"@type":"ListItem","position":2,"name":"Ojal\u00e1"}]},{"@type":"WebSite","@id":"https:\/\/www.iis.unam.mx\/blog\/#website","url":"https:\/\/www.iis.unam.mx\/blog\/","name":"Resonancias","description":"Blog del Instituto de Investigaciones Sociales de la UNAM","publisher":{"@id":"https:\/\/www.iis.unam.mx\/blog\/#organization"},"potentialAction":[{"@type":"SearchAction","target":{"@type":"EntryPoint","urlTemplate":"https:\/\/www.iis.unam.mx\/blog\/?s={search_term_string}"},"query-input":{"@type":"PropertyValueSpecification","valueRequired":true,"valueName":"search_term_string"}}],"inLanguage":"es"},{"@type":"Organization","@id":"https:\/\/www.iis.unam.mx\/blog\/#organization","name":"Instituto de Investigaciones Sociales de la UNAM","alternateName":"IIS-UNAM","url":"https:\/\/www.iis.unam.mx\/blog\/","logo":{"@type":"ImageObject","inLanguage":"es","@id":"https:\/\/www.iis.unam.mx\/blog\/#\/schema\/logo\/image\/","url":"https:\/\/www.iis.unam.mx\/blog\/wp-content\/uploads\/2026\/01\/cropped-logo-unam-gris-26.png","contentUrl":"https:\/\/www.iis.unam.mx\/blog\/wp-content\/uploads\/2026\/01\/cropped-logo-unam-gris-26.png","width":1301,"height":356,"caption":"Instituto de Investigaciones Sociales de la UNAM"},"image":{"@id":"https:\/\/www.iis.unam.mx\/blog\/#\/schema\/logo\/image\/"},"sameAs":["https:\/\/www.facebook.com\/IISUNAM","https:\/\/x.com\/IISUNAM","https:\/\/www.instagram.com\/iisunam\/","https:\/\/www.youtube.com\/user\/canaliisunam"]},{"@type":"Person","@id":"https:\/\/www.iis.unam.mx\/blog\/#\/schema\/person\/3cd65e7ddc57962d4ba6c8872231a368","name":"Hugo Jos\u00e9 Su\u00e1rez","image":{"@type":"ImageObject","inLanguage":"es","@id":"https:\/\/www.iis.unam.mx\/blog\/wp-content\/uploads\/2025\/04\/suarez-22.jpg","url":"https:\/\/www.iis.unam.mx\/blog\/wp-content\/uploads\/2025\/04\/suarez-22.jpg","contentUrl":"https:\/\/www.iis.unam.mx\/blog\/wp-content\/uploads\/2025\/04\/suarez-22.jpg","caption":"Hugo Jos\u00e9 Su\u00e1rez"},"description":"Investigador del Instituto de Investigaciones Sociales de la UNAM","sameAs":["https:\/\/hugojsuarez.blogspot.mx\/"],"url":"https:\/\/www.iis.unam.mx\/blog\/author\/hugo\/"}]}},"_links":{"self":[{"href":"https:\/\/www.iis.unam.mx\/blog\/wp-json\/wp\/v2\/posts\/12018","targetHints":{"allow":["GET"]}}],"collection":[{"href":"https:\/\/www.iis.unam.mx\/blog\/wp-json\/wp\/v2\/posts"}],"about":[{"href":"https:\/\/www.iis.unam.mx\/blog\/wp-json\/wp\/v2\/types\/post"}],"author":[{"embeddable":true,"href":"https:\/\/www.iis.unam.mx\/blog\/wp-json\/wp\/v2\/users\/6"}],"replies":[{"embeddable":true,"href":"https:\/\/www.iis.unam.mx\/blog\/wp-json\/wp\/v2\/comments?post=12018"}],"version-history":[{"count":1,"href":"https:\/\/www.iis.unam.mx\/blog\/wp-json\/wp\/v2\/posts\/12018\/revisions"}],"predecessor-version":[{"id":12020,"href":"https:\/\/www.iis.unam.mx\/blog\/wp-json\/wp\/v2\/posts\/12018\/revisions\/12020"}],"wp:featuredmedia":[{"embeddable":true,"href":"https:\/\/www.iis.unam.mx\/blog\/wp-json\/wp\/v2\/media\/12019"}],"wp:attachment":[{"href":"https:\/\/www.iis.unam.mx\/blog\/wp-json\/wp\/v2\/media?parent=12018"}],"wp:term":[{"taxonomy":"category","embeddable":true,"href":"https:\/\/www.iis.unam.mx\/blog\/wp-json\/wp\/v2\/categories?post=12018"},{"taxonomy":"post_tag","embeddable":true,"href":"https:\/\/www.iis.unam.mx\/blog\/wp-json\/wp\/v2\/tags?post=12018"}],"curies":[{"name":"wp","href":"https:\/\/api.w.org\/{rel}","templated":true}]}}